{"id":1651,"date":"2023-01-11T08:15:39","date_gmt":"2023-01-11T08:15:39","guid":{"rendered":"https:\/\/www.brasilia.coffee\/?p=1651"},"modified":"2023-09-15T13:12:25","modified_gmt":"2023-09-15T13:12:25","slug":"tutte-le-novita-brasilia-e-bianchi-vending-a-host-2021","status":"publish","type":"post","link":"https:\/\/brasilia.coffee\/en\/eventi\/tutte-le-novita-brasilia-e-bianchi-vending-a-host-2021\/","title":{"rendered":"TUTTE LE NOVIT\u00c0 BRASILIA E BIANCHI VENDING A HOST 2021"},"content":{"rendered":"<p>Un\u2019edizione indimenticabile. A pochi giorni dalla conclusione dell\u2019evento, <strong>Bianchi Industry <\/strong>traccia il bilancio della sua partecipazione a <strong>Host 2021<\/strong>. La fiera milanese ha segnato il ritorno al contatto con il pubblico, che tanto era mancato nei mesi della pandemia, ma soprattutto \u00e8 stata l\u2019occasione per presentare in anteprima gli ultimi progetti sviluppati dall\u2019azienda bergamasca.<\/p>\n<p>In particolare, sul palcoscenico di Host 2021, le proposte per il settore Ho.Re.Ca. con la rinnovata offerta di soluzioni professionali marchiate <strong>Brasilia<\/strong>. I riflettori si sono accesi, in particolare, sulle nuove macchine tradizionali da caff\u00e8 della serie <strong>BL<\/strong> (<strong>100<\/strong>, <strong>300<\/strong> e la top di gamma <strong>500<\/strong>, nell\u2019edizione <strong>Black<\/strong> o <strong>Light<\/strong>), che mettono nelle mani dei baristi strumenti tecnologici evoluti per ottenere, con semplicit\u00e0 e immediatezza, il massimo da ogni estrazione e valorizzare la creativit\u00e0 dietro al bancone.<\/p>\n<p>Performance, qualit\u00e0 e design sono anche alla base dell\u2019offerta di soluzioni superautomatiche, <strong>Aurea<\/strong>, <strong>Moda<\/strong> e <strong>Festa<\/strong>, cos\u00ec come dell\u2019ultima arrivata in casa Brasilia, <strong>Mini Mighty<\/strong>, la prosumer per l\u2019Home Bar dedicata a chi vuole godere del piacere di un\u2019estrazione perfetta anche a casa o nel proprio studio.<\/p>\n<p>Non solo HORECA ma anche Vending, con le <strong>Phygital Solutions<\/strong>, i distributori automatici di nuova generazione targati <strong>Bianchi Vending<\/strong> che combinano la struttura fisica flessibile con strumenti digitali avanzati. Obiettivo di questo connubio tra \u201ccorpo\u201d e \u201canima\u201d offrire un\u2019esperienza rivoluzionaria, sia per i gestori che per il consumatore finale.<\/p>\n<p>Nel dettaglio, le Phygital Solutions \u2013 <strong>lntuity<\/strong> e <strong>Agily<\/strong> per le bevande calde, <strong>Flessy<\/strong> per l\u2019offerta snack e bevande fredde \u2013 si contraddistinguono per la possibilit\u00e0 di configurare la macchina in maniera semplice e veloce grazie ai Moduli Funzionali Standard, sul lato fisico, e all\u2019innovativo software BI-Creator, su quello digitale.<\/p>\n<p>Anche la manutenzione diventa pi\u00f9 precisa e immediata, merito di una piattaforma di derivazione automotive che guida tutte le operazioni, rilevando lo stato della macchina a livello di singoli componenti e e mettendo a disposizione uno storico di dati per l\u2019integrazione con strumenti IoT.<\/p>\n<p>Infine, l\u2019interazione con la macchina, coinvolgente come mai prima: massima personalizzazione delle bevande, offerta pi\u00f9 allettante con promozioni e bundle sales, possibilit\u00e0 di installare App di terzi per aggiungere profilazione utente, assistente vocale, informazioni meteo e altri contenuti.<\/p>\n<p>Anche l\u2019Office Coffee Service eleva i propri standard grazie alle soluzioni presentate da Bianchi a Host 2021. Cresce l\u2019offerta di bevande (con men\u00f9 sempre pi\u00f9 ricchi di qualit\u00e0 e di scelta), l\u2019interazione diventa ancora pi\u00f9 semplice e intuitiva, l\u2019igiene \u00e8 garantita in pochi secondi mentre il design impreziosisce di stile gli ambienti professionali, di qualsiasi genere e dimensione: ecco come le semiautomatiche <strong>Evia<\/strong>, <strong>Gaia Style Ry<\/strong> e <strong>Talia<\/strong> ridisegnano i confini della pausa caff\u00e8 in ufficio, ormai un \u201cmust\u201d per milioni di persone nel mondo, che ogni giorno ricercano gusto, intimit\u00e0 e relax sul luogo di lavoro.<\/p>\n","protected":false},"excerpt":{"rendered":"<p>Un\u2019edizione indimenticabile. A pochi giorni dalla conclusione dell\u2019evento, Bianchi Industry traccia il bilancio della sua partecipazione a Host 2021. La fiera milanese ha segnato il ritorno al contatto con il pubblico, che tanto era mancato nei mesi della pandemia, ma soprattutto \u00e8 stata l\u2019occasione per presentare in anteprima gli ultimi progetti sviluppati dall\u2019azienda bergamasca. In [&hellip;]<\/p>\n","protected":false},"author":1,"featured_media":1638,"comment_status":"open","ping_status":"open","sticky":false,"template":"","format":"standard","meta":{"_acf_changed":false,"inline_featured_image":false,"footnotes":""},"categories":[15],"tags":[],"class_list":["post-1651","post","type-post","status-publish","format-standard","has-post-thumbnail","hentry","category-eventi"],"acf":[],"yoast_head":"<!-- This site is optimized with the Yoast SEO plugin v24.0 - https:\/\/yoast.com\/wordpress\/plugins\/seo\/ -->\n<title>TUTTE LE NOVIT\u00c0 BRASILIA E BIANCHI VENDING A HOST 2021 - Brasilia<\/title>\n<meta name=\"robots\" content=\"index, follow, max-snippet:-1, max-image-preview:large, max-video-preview:-1\" \/>\n<link rel=\"canonical\" href=\"https:\/\/brasilia.coffee\/en\/events\/tutte-le-novita-brasilia-e-bianchi-vending-a-host-2021\/\" \/>\n<meta property=\"og:locale\" content=\"en_US\" \/>\n<meta property=\"og:type\" content=\"article\" \/>\n<meta property=\"og:title\" content=\"TUTTE LE NOVIT\u00c0 BRASILIA E BIANCHI VENDING A HOST 2021 - Brasilia\" \/>\n<meta property=\"og:description\" content=\"Un\u2019edizione indimenticabile. A pochi giorni dalla conclusione dell\u2019evento, Bianchi Industry traccia il bilancio della sua partecipazione a Host 2021. La fiera milanese ha segnato il ritorno al contatto con il pubblico, che tanto era mancato nei mesi della pandemia, ma soprattutto \u00e8 stata l\u2019occasione per presentare in anteprima gli ultimi progetti sviluppati dall\u2019azienda bergamasca. In [&hellip;]\" \/>\n<meta property=\"og:url\" content=\"https:\/\/brasilia.coffee\/en\/events\/tutte-le-novita-brasilia-e-bianchi-vending-a-host-2021\/\" \/>\n<meta property=\"og:site_name\" content=\"Brasilia\" \/>\n<meta property=\"article:published_time\" content=\"2023-01-11T08:15:39+00:00\" \/>\n<meta property=\"article:modified_time\" content=\"2023-09-15T13:12:25+00:00\" \/>\n<meta property=\"og:image\" content=\"https:\/\/brasilia.coffee\/wp-content\/uploads\/2020\/02\/STAND-BRASILIA-2.png\" \/>\n\t<meta property=\"og:image:width\" content=\"1059\" \/>\n\t<meta property=\"og:image:height\" content=\"559\" \/>\n\t<meta property=\"og:image:type\" content=\"image\/png\" \/>\n<meta name=\"author\" content=\"advertendo\" \/>\n<meta name=\"twitter:card\" content=\"summary_large_image\" \/>\n<meta name=\"twitter:label1\" content=\"Written by\" \/>\n\t<meta name=\"twitter:data1\" content=\"advertendo\" \/>\n\t<meta name=\"twitter:label2\" content=\"Est. reading time\" \/>\n\t<meta name=\"twitter:data2\" content=\"3 minutes\" \/>\n<script type=\"application\/ld+json\" class=\"yoast-schema-graph\">{\"@context\":\"https:\/\/schema.org\",\"@graph\":[{\"@type\":\"WebPage\",\"@id\":\"https:\/\/brasilia.coffee\/en\/events\/tutte-le-novita-brasilia-e-bianchi-vending-a-host-2021\/\",\"url\":\"https:\/\/brasilia.coffee\/en\/events\/tutte-le-novita-brasilia-e-bianchi-vending-a-host-2021\/\",\"name\":\"TUTTE LE NOVIT\u00c0 BRASILIA E BIANCHI VENDING A HOST 2021 - Brasilia\",\"isPartOf\":{\"@id\":\"https:\/\/brasilia.coffee\/#website\"},\"primaryImageOfPage\":{\"@id\":\"https:\/\/brasilia.coffee\/en\/events\/tutte-le-novita-brasilia-e-bianchi-vending-a-host-2021\/#primaryimage\"},\"image\":{\"@id\":\"https:\/\/brasilia.coffee\/en\/events\/tutte-le-novita-brasilia-e-bianchi-vending-a-host-2021\/#primaryimage\"},\"thumbnailUrl\":\"https:\/\/brasilia.coffee\/wp-content\/uploads\/2020\/02\/STAND-BRASILIA-2.png\",\"datePublished\":\"2023-01-11T08:15:39+00:00\",\"dateModified\":\"2023-09-15T13:12:25+00:00\",\"author\":{\"@id\":\"https:\/\/brasilia.coffee\/#\/schema\/person\/787e01be2d617276625fe8a8075a571d\"},\"inLanguage\":\"en-US\",\"potentialAction\":[{\"@type\":\"ReadAction\",\"target\":[\"https:\/\/brasilia.coffee\/en\/events\/tutte-le-novita-brasilia-e-bianchi-vending-a-host-2021\/\"]}]},{\"@type\":\"ImageObject\",\"inLanguage\":\"en-US\",\"@id\":\"https:\/\/brasilia.coffee\/en\/events\/tutte-le-novita-brasilia-e-bianchi-vending-a-host-2021\/#primaryimage\",\"url\":\"https:\/\/brasilia.coffee\/wp-content\/uploads\/2020\/02\/STAND-BRASILIA-2.png\",\"contentUrl\":\"https:\/\/brasilia.coffee\/wp-content\/uploads\/2020\/02\/STAND-BRASILIA-2.png\",\"width\":1059,\"height\":559},{\"@type\":\"WebSite\",\"@id\":\"https:\/\/brasilia.coffee\/#website\",\"url\":\"https:\/\/brasilia.coffee\/\",\"name\":\"Brasilia\",\"description\":\"\",\"potentialAction\":[{\"@type\":\"SearchAction\",\"target\":{\"@type\":\"EntryPoint\",\"urlTemplate\":\"https:\/\/brasilia.coffee\/?s={search_term_string}\"},\"query-input\":{\"@type\":\"PropertyValueSpecification\",\"valueRequired\":true,\"valueName\":\"search_term_string\"}}],\"inLanguage\":\"en-US\"},{\"@type\":\"Person\",\"@id\":\"https:\/\/brasilia.coffee\/#\/schema\/person\/787e01be2d617276625fe8a8075a571d\",\"name\":\"advertendo\",\"sameAs\":[\"https:\/\/www.brasilia.coffee\/\"],\"url\":\"https:\/\/brasilia.coffee\/en\/author\/advertendo\/\"}]}<\/script>\n<!-- \/ Yoast SEO plugin. -->","yoast_head_json":{"title":"TUTTE LE NOVIT\u00c0 BRASILIA E BIANCHI VENDING A HOST 2021 - Brasilia","robots":{"index":"index","follow":"follow","max-snippet":"max-snippet:-1","max-image-preview":"max-image-preview:large","max-video-preview":"max-video-preview:-1"},"canonical":"https:\/\/brasilia.coffee\/en\/events\/tutte-le-novita-brasilia-e-bianchi-vending-a-host-2021\/","og_locale":"en_US","og_type":"article","og_title":"TUTTE LE NOVIT\u00c0 BRASILIA E BIANCHI VENDING A HOST 2021 - Brasilia","og_description":"Un\u2019edizione indimenticabile. A pochi giorni dalla conclusione dell\u2019evento, Bianchi Industry traccia il bilancio della sua partecipazione a Host 2021. La fiera milanese ha segnato il ritorno al contatto con il pubblico, che tanto era mancato nei mesi della pandemia, ma soprattutto \u00e8 stata l\u2019occasione per presentare in anteprima gli ultimi progetti sviluppati dall\u2019azienda bergamasca. In [&hellip;]","og_url":"https:\/\/brasilia.coffee\/en\/events\/tutte-le-novita-brasilia-e-bianchi-vending-a-host-2021\/","og_site_name":"Brasilia","article_published_time":"2023-01-11T08:15:39+00:00","article_modified_time":"2023-09-15T13:12:25+00:00","og_image":[{"width":1059,"height":559,"url":"https:\/\/brasilia.coffee\/wp-content\/uploads\/2020\/02\/STAND-BRASILIA-2.png","type":"image\/png"}],"author":"advertendo","twitter_card":"summary_large_image","twitter_misc":{"Written by":"advertendo","Est. reading time":"3 minutes"},"schema":{"@context":"https:\/\/schema.org","@graph":[{"@type":"WebPage","@id":"https:\/\/brasilia.coffee\/en\/events\/tutte-le-novita-brasilia-e-bianchi-vending-a-host-2021\/","url":"https:\/\/brasilia.coffee\/en\/events\/tutte-le-novita-brasilia-e-bianchi-vending-a-host-2021\/","name":"TUTTE LE NOVIT\u00c0 BRASILIA E BIANCHI VENDING A HOST 2021 - Brasilia","isPartOf":{"@id":"https:\/\/brasilia.coffee\/#website"},"primaryImageOfPage":{"@id":"https:\/\/brasilia.coffee\/en\/events\/tutte-le-novita-brasilia-e-bianchi-vending-a-host-2021\/#primaryimage"},"image":{"@id":"https:\/\/brasilia.coffee\/en\/events\/tutte-le-novita-brasilia-e-bianchi-vending-a-host-2021\/#primaryimage"},"thumbnailUrl":"https:\/\/brasilia.coffee\/wp-content\/uploads\/2020\/02\/STAND-BRASILIA-2.png","datePublished":"2023-01-11T08:15:39+00:00","dateModified":"2023-09-15T13:12:25+00:00","author":{"@id":"https:\/\/brasilia.coffee\/#\/schema\/person\/787e01be2d617276625fe8a8075a571d"},"inLanguage":"en-US","potentialAction":[{"@type":"ReadAction","target":["https:\/\/brasilia.coffee\/en\/events\/tutte-le-novita-brasilia-e-bianchi-vending-a-host-2021\/"]}]},{"@type":"ImageObject","inLanguage":"en-US","@id":"https:\/\/brasilia.coffee\/en\/events\/tutte-le-novita-brasilia-e-bianchi-vending-a-host-2021\/#primaryimage","url":"https:\/\/brasilia.coffee\/wp-content\/uploads\/2020\/02\/STAND-BRASILIA-2.png","contentUrl":"https:\/\/brasilia.coffee\/wp-content\/uploads\/2020\/02\/STAND-BRASILIA-2.png","width":1059,"height":559},{"@type":"WebSite","@id":"https:\/\/brasilia.coffee\/#website","url":"https:\/\/brasilia.coffee\/","name":"Brasilia","description":"","potentialAction":[{"@type":"SearchAction","target":{"@type":"EntryPoint","urlTemplate":"https:\/\/brasilia.coffee\/?s={search_term_string}"},"query-input":{"@type":"PropertyValueSpecification","valueRequired":true,"valueName":"search_term_string"}}],"inLanguage":"en-US"},{"@type":"Person","@id":"https:\/\/brasilia.coffee\/#\/schema\/person\/787e01be2d617276625fe8a8075a571d","name":"advertendo","sameAs":["https:\/\/www.brasilia.coffee\/"],"url":"https:\/\/brasilia.coffee\/en\/author\/advertendo\/"}]}},"_links":{"self":[{"href":"https:\/\/brasilia.coffee\/en\/wp-json\/wp\/v2\/posts\/1651","targetHints":{"allow":["GET"]}}],"collection":[{"href":"https:\/\/brasilia.coffee\/en\/wp-json\/wp\/v2\/posts"}],"about":[{"href":"https:\/\/brasilia.coffee\/en\/wp-json\/wp\/v2\/types\/post"}],"author":[{"embeddable":true,"href":"https:\/\/brasilia.coffee\/en\/wp-json\/wp\/v2\/users\/1"}],"replies":[{"embeddable":true,"href":"https:\/\/brasilia.coffee\/en\/wp-json\/wp\/v2\/comments?post=1651"}],"version-history":[{"count":2,"href":"https:\/\/brasilia.coffee\/en\/wp-json\/wp\/v2\/posts\/1651\/revisions"}],"predecessor-version":[{"id":1707,"href":"https:\/\/brasilia.coffee\/en\/wp-json\/wp\/v2\/posts\/1651\/revisions\/1707"}],"wp:featuredmedia":[{"embeddable":true,"href":"https:\/\/brasilia.coffee\/en\/wp-json\/wp\/v2\/media\/1638"}],"wp:attachment":[{"href":"https:\/\/brasilia.coffee\/en\/wp-json\/wp\/v2\/media?parent=1651"}],"wp:term":[{"taxonomy":"category","embeddable":true,"href":"https:\/\/brasilia.coffee\/en\/wp-json\/wp\/v2\/categories?post=1651"},{"taxonomy":"post_tag","embeddable":true,"href":"https:\/\/brasilia.coffee\/en\/wp-json\/wp\/v2\/tags?post=1651"}],"curies":[{"name":"wp","href":"https:\/\/api.w.org\/{rel}","templated":true}]}}