{"id":975,"date":"2016-04-20T11:36:22","date_gmt":"2016-04-20T09:36:22","guid":{"rendered":"\/?p=975"},"modified":"2016-04-20T11:36:22","modified_gmt":"2016-04-20T09:36:22","slug":"finalmente-venditalia","status":"publish","type":"post","link":"https:\/\/brasilia.coffee\/en\/eventi\/finalmente-venditalia\/","title":{"rendered":"Finalmente Venditalia!"},"content":{"rendered":"<p>Ti aspettiamo a Venditalia 2016 (Fieramilanocity, 4-7 maggio), saremo presenti con uno spazio espositivo progettato in funzione di una sola necessit\u00e0: offrirti le soluzioni pi\u00f9 semplici ai problemi quotidiani pi\u00f9 complessi. Qualit\u00e0 e innovazione, questi i concetti alla base di una nuova gamma di macchine professionali studiate per rispondere alle esigenze di chi pensa che futuro sia sinonimo di crescita. Ci vediamo al Pad. 4 &#8211; Stand A13 C16 A06.<\/p>\n","protected":false},"excerpt":{"rendered":"<p>Ti aspettiamo a Venditalia 2016 (Fieramilanocity, 4-7 maggio), saremo presenti con uno spazio espositivo progettato in funzione di una sola necessit\u00e0: offrirti le soluzioni pi\u00f9 semplici ai problemi quotidiani pi\u00f9 complessi. Qualit\u00e0 e innovazione, questi i concetti alla base di una nuova gamma di macchine professionali studiate per rispondere alle esigenze di chi pensa che [&hellip;]<\/p>\n","protected":false},"author":1,"featured_media":0,"comment_status":"closed","ping_status":"open","sticky":false,"template":"","format":"standard","meta":{"_acf_changed":false,"inline_featured_image":false,"footnotes":""},"categories":[15],"tags":[],"class_list":["post-975","post","type-post","status-publish","format-standard","hentry","category-eventi"],"acf":[],"yoast_head":"<!-- This site is optimized with the Yoast SEO plugin v24.0 - https:\/\/yoast.com\/wordpress\/plugins\/seo\/ -->\n<title>Finalmente Venditalia! - Brasilia<\/title>\n<meta name=\"robots\" content=\"index, follow, max-snippet:-1, max-image-preview:large, max-video-preview:-1\" \/>\n<link rel=\"canonical\" href=\"https:\/\/brasilia.coffee\/eventi\/finalmente-venditalia\/\" \/>\n<meta property=\"og:locale\" content=\"en_US\" \/>\n<meta property=\"og:type\" content=\"article\" \/>\n<meta property=\"og:title\" content=\"Finalmente Venditalia! - Brasilia\" \/>\n<meta property=\"og:description\" content=\"Ti aspettiamo a Venditalia 2016 (Fieramilanocity, 4-7 maggio), saremo presenti con uno spazio espositivo progettato in funzione di una sola necessit\u00e0: offrirti le soluzioni pi\u00f9 semplici ai problemi quotidiani pi\u00f9 complessi. Qualit\u00e0 e innovazione, questi i concetti alla base di una nuova gamma di macchine professionali studiate per rispondere alle esigenze di chi pensa che [&hellip;]\" \/>\n<meta property=\"og:url\" content=\"https:\/\/brasilia.coffee\/eventi\/finalmente-venditalia\/\" \/>\n<meta property=\"og:site_name\" content=\"Brasilia\" \/>\n<meta property=\"article:published_time\" content=\"2016-04-20T09:36:22+00:00\" \/>\n<meta name=\"author\" content=\"advertendo\" \/>\n<meta name=\"twitter:card\" content=\"summary_large_image\" \/>\n<meta name=\"twitter:label1\" content=\"Written by\" \/>\n\t<meta name=\"twitter:data1\" content=\"advertendo\" \/>\n<script type=\"application\/ld+json\" class=\"yoast-schema-graph\">{\"@context\":\"https:\/\/schema.org\",\"@graph\":[{\"@type\":\"WebPage\",\"@id\":\"https:\/\/brasilia.coffee\/eventi\/finalmente-venditalia\/\",\"url\":\"https:\/\/brasilia.coffee\/eventi\/finalmente-venditalia\/\",\"name\":\"Finalmente Venditalia! - Brasilia\",\"isPartOf\":{\"@id\":\"https:\/\/brasilia.coffee\/#website\"},\"datePublished\":\"2016-04-20T09:36:22+00:00\",\"dateModified\":\"2016-04-20T09:36:22+00:00\",\"author\":{\"@id\":\"https:\/\/brasilia.coffee\/#\/schema\/person\/787e01be2d617276625fe8a8075a571d\"},\"inLanguage\":\"en-US\",\"potentialAction\":[{\"@type\":\"ReadAction\",\"target\":[\"https:\/\/brasilia.coffee\/eventi\/finalmente-venditalia\/\"]}]},{\"@type\":\"WebSite\",\"@id\":\"https:\/\/brasilia.coffee\/#website\",\"url\":\"https:\/\/brasilia.coffee\/\",\"name\":\"Brasilia\",\"description\":\"\",\"potentialAction\":[{\"@type\":\"SearchAction\",\"target\":{\"@type\":\"EntryPoint\",\"urlTemplate\":\"https:\/\/brasilia.coffee\/?s={search_term_string}\"},\"query-input\":{\"@type\":\"PropertyValueSpecification\",\"valueRequired\":true,\"valueName\":\"search_term_string\"}}],\"inLanguage\":\"en-US\"},{\"@type\":\"Person\",\"@id\":\"https:\/\/brasilia.coffee\/#\/schema\/person\/787e01be2d617276625fe8a8075a571d\",\"name\":\"advertendo\",\"sameAs\":[\"https:\/\/www.brasilia.coffee\/\"],\"url\":\"https:\/\/brasilia.coffee\/en\/author\/advertendo\/\"}]}<\/script>\n<!-- \/ Yoast SEO plugin. -->","yoast_head_json":{"title":"Finalmente Venditalia! - Brasilia","robots":{"index":"index","follow":"follow","max-snippet":"max-snippet:-1","max-image-preview":"max-image-preview:large","max-video-preview":"max-video-preview:-1"},"canonical":"https:\/\/brasilia.coffee\/eventi\/finalmente-venditalia\/","og_locale":"en_US","og_type":"article","og_title":"Finalmente Venditalia! - Brasilia","og_description":"Ti aspettiamo a Venditalia 2016 (Fieramilanocity, 4-7 maggio), saremo presenti con uno spazio espositivo progettato in funzione di una sola necessit\u00e0: offrirti le soluzioni pi\u00f9 semplici ai problemi quotidiani pi\u00f9 complessi. Qualit\u00e0 e innovazione, questi i concetti alla base di una nuova gamma di macchine professionali studiate per rispondere alle esigenze di chi pensa che [&hellip;]","og_url":"https:\/\/brasilia.coffee\/eventi\/finalmente-venditalia\/","og_site_name":"Brasilia","article_published_time":"2016-04-20T09:36:22+00:00","author":"advertendo","twitter_card":"summary_large_image","twitter_misc":{"Written by":"advertendo"},"schema":{"@context":"https:\/\/schema.org","@graph":[{"@type":"WebPage","@id":"https:\/\/brasilia.coffee\/eventi\/finalmente-venditalia\/","url":"https:\/\/brasilia.coffee\/eventi\/finalmente-venditalia\/","name":"Finalmente Venditalia! - Brasilia","isPartOf":{"@id":"https:\/\/brasilia.coffee\/#website"},"datePublished":"2016-04-20T09:36:22+00:00","dateModified":"2016-04-20T09:36:22+00:00","author":{"@id":"https:\/\/brasilia.coffee\/#\/schema\/person\/787e01be2d617276625fe8a8075a571d"},"inLanguage":"en-US","potentialAction":[{"@type":"ReadAction","target":["https:\/\/brasilia.coffee\/eventi\/finalmente-venditalia\/"]}]},{"@type":"WebSite","@id":"https:\/\/brasilia.coffee\/#website","url":"https:\/\/brasilia.coffee\/","name":"Brasilia","description":"","potentialAction":[{"@type":"SearchAction","target":{"@type":"EntryPoint","urlTemplate":"https:\/\/brasilia.coffee\/?s={search_term_string}"},"query-input":{"@type":"PropertyValueSpecification","valueRequired":true,"valueName":"search_term_string"}}],"inLanguage":"en-US"},{"@type":"Person","@id":"https:\/\/brasilia.coffee\/#\/schema\/person\/787e01be2d617276625fe8a8075a571d","name":"advertendo","sameAs":["https:\/\/www.brasilia.coffee\/"],"url":"https:\/\/brasilia.coffee\/en\/author\/advertendo\/"}]}},"_links":{"self":[{"href":"https:\/\/brasilia.coffee\/en\/wp-json\/wp\/v2\/posts\/975","targetHints":{"allow":["GET"]}}],"collection":[{"href":"https:\/\/brasilia.coffee\/en\/wp-json\/wp\/v2\/posts"}],"about":[{"href":"https:\/\/brasilia.coffee\/en\/wp-json\/wp\/v2\/types\/post"}],"author":[{"embeddable":true,"href":"https:\/\/brasilia.coffee\/en\/wp-json\/wp\/v2\/users\/1"}],"replies":[{"embeddable":true,"href":"https:\/\/brasilia.coffee\/en\/wp-json\/wp\/v2\/comments?post=975"}],"version-history":[{"count":0,"href":"https:\/\/brasilia.coffee\/en\/wp-json\/wp\/v2\/posts\/975\/revisions"}],"wp:attachment":[{"href":"https:\/\/brasilia.coffee\/en\/wp-json\/wp\/v2\/media?parent=975"}],"wp:term":[{"taxonomy":"category","embeddable":true,"href":"https:\/\/brasilia.coffee\/en\/wp-json\/wp\/v2\/categories?post=975"},{"taxonomy":"post_tag","embeddable":true,"href":"https:\/\/brasilia.coffee\/en\/wp-json\/wp\/v2\/tags?post=975"}],"curies":[{"name":"wp","href":"https:\/\/api.w.org\/{rel}","templated":true}]}}